{"id":3461,"date":"2013-06-20T14:11:48","date_gmt":"2013-06-20T12:11:48","guid":{"rendered":"https:\/\/www.asta.uni-siegen.de\/asta\/?p=3461"},"modified":"2024-04-25T10:32:54","modified_gmt":"2024-04-25T08:32:54","slug":"veranderung-aus-dem-inneren","status":"archive","type":"post","link":"https:\/\/www.asta.uni-siegen.de\/index.php\/2013\/06\/20\/veranderung-aus-dem-inneren\/","title":{"rendered":"&#8220;Ver\u00e4nderung aus dem Inneren&#8221;"},"content":{"rendered":"<p>K\u00fcrzlich erreichte uns \u00fcber einen Mailverteiler eine Mail unseres Kommilitonen Jonathan Taurai Hancock, der es sich zur Aufgabe gemacht hat m\u00f6glichst viele Menschen dazu zu mobilisieren universit\u00e4re Strukturen zu hinterfragen und mit Interessierten \u00fcber M\u00f6glichkeiten der \u201eVer\u00e4nderung der \u00e4u\u00dferen Umst\u00e4nde [\u2026] aus dem Inneren heraus\u201c zu diskutieren.<\/p>\n<p>Nun wurden f\u00fcr eine Auftaktveranstaltung ein Termin sowie ein Raum gefunden, den wir euch hiermit mitteilen m\u00f6chten. Treffpunkt ist Dienstag (25.06.) von 14 bis 18 Uhr im StuPa-Raum.<\/p>\n<p>&nbsp;<\/p>\n<p>Anschlie\u00dfend nochmal die Mail:<\/p>\n<p>Liebe Mitmenschen, &#8220;Hilfspersonal&#8221;, Studierende, Professoren, Mitarbeiter, Interessierte,<\/p>\n<p>Es hat in den letzten Semestern immer wieder Proteste und &#8220;Bildungsstreiks&#8221; gegeben. Es wird sie auch immer wieder geben und in n\u00e4chster Zukunft besteht uns eben so eine ungem\u00fctliche Zeit bevor. Die k\u00fcrzlichen Bem\u00fchungen um eine Diskussion des Rektors mit den Studierenden mit anschlie\u00dfendem &#8220;Abkotzblog&#8221; und Arbeitsgruppen k\u00f6nnen wir und sollten wir als Schritt auf uns Studierende zu sehen. Leider haben viele Studenten nicht das Bewusstsein um die Universit\u00e4ren Strukturen und wollen sich nicht selbst um ihre Scheine bringen, wenn sie Zeit f\u00fcr die politischen Auseinandersetzungen aufwenden.<\/p>\n<p>Wir als Universit\u00e4t \/ Hochschule sollten ein gemeinsames Interesse haben auch zu wissen auf welchem Fundament unsere Uni w\u00e4chst, auf welcher Basis wir bilden, gebildet werden und arbeiten. Dazu geh\u00f6ren alle Personen, welche die Universit\u00e4t zu ihrem Lebensraum z\u00e4hlen. All diesen Menschen sollte nat\u00fcrlich wichtig sein was uns an Bildung zukommt, aber auch was uns bildet und wie es uns beeinflusst.<\/p>\n<p>F\u00fcr einige m\u00f6gen diese Strukturen und Mechanismen sehr eindeutig und klar erscheinen und f\u00fcr andere nicht. Ich m\u00f6chte gerne dazu einladen (auch wenn unser Rektor dies mit dem AStA augenscheinlich schon versucht hat ins Leben zu rufen) an einer Diskussionsrunde teilzunehmen was solche wichtigen Informationen sind und wie wir unsere Mitmenschen daf\u00fcr sensibilisieren k\u00f6nnen.<\/p>\n<p>Ich bin davon \u00fcberzeugt eine Ver\u00e4nderung der \u00e4u\u00dferen Umst\u00e4nde kann nur aus dem Inneren heraus und durch Bewusstsein entstehen. Ich habe die Vorstellung, dass es keine Grenzen des Teilens gibt und ich noch lange nicht alle dieser Universit\u00e4t in den Verteiler unterbekommen habe, diese Mail an sie weiterzuleiten. [\u2026]<\/p>\n<p>Ich freue mich auf angeregte Gespr\u00e4che. Jetzt ist die Zeit.<\/p>\n<p>Alles Liebe<\/p>\n<p>Jonathan Taurai Hancock<\/p>\n ","protected":false},"excerpt":{"rendered":"<p>K\u00fcrzlich erreichte uns \u00fcber einen Mailverteiler eine Mail unseres Kommilitonen Jonathan Taurai Hancock, der es sich zur Aufgabe gemacht hat m\u00f6glichst viele Menschen dazu zu mobilisieren universit\u00e4re Strukturen zu hinterfragen und mit Interessierten \u00fcber M\u00f6glichkeiten der \u201eVer\u00e4nderung der \u00e4u\u00dferen Umst\u00e4nde [\u2026] aus dem Inneren heraus\u201c zu diskutieren. Nun wurden f\u00fcr eine Auftaktveranstaltung ein Termin sowie ein Raum<\/p>\n<p><a class=\"more-link\" href=\"https:\/\/www.asta.uni-siegen.de\/index.php\/2013\/06\/20\/veranderung-aus-dem-inneren\/\">Weiterlesen<\/a><\/p>\n","protected":false},"author":1,"featured_media":0,"comment_status":"open","ping_status":"open","sticky":false,"template":"","format":"standard","meta":{"footnotes":""},"categories":[1],"tags":[],"class_list":["post-3461","post","type-post","status-archive","format-standard","hentry","category-allgemein"],"_links":{"self":[{"href":"https:\/\/www.asta.uni-siegen.de\/index.php\/wp-json\/wp\/v2\/posts\/3461","targetHints":{"allow":["GET"]}}],"collection":[{"href":"https:\/\/www.asta.uni-siegen.de\/index.php\/wp-json\/wp\/v2\/posts"}],"about":[{"href":"https:\/\/www.asta.uni-siegen.de\/index.php\/wp-json\/wp\/v2\/types\/post"}],"author":[{"embeddable":true,"href":"https:\/\/www.asta.uni-siegen.de\/index.php\/wp-json\/wp\/v2\/users\/1"}],"replies":[{"embeddable":true,"href":"https:\/\/www.asta.uni-siegen.de\/index.php\/wp-json\/wp\/v2\/comments?post=3461"}],"version-history":[{"count":1,"href":"https:\/\/www.asta.uni-siegen.de\/index.php\/wp-json\/wp\/v2\/posts\/3461\/revisions"}],"predecessor-version":[{"id":16640,"href":"https:\/\/www.asta.uni-siegen.de\/index.php\/wp-json\/wp\/v2\/posts\/3461\/revisions\/16640"}],"wp:attachment":[{"href":"https:\/\/www.asta.uni-siegen.de\/index.php\/wp-json\/wp\/v2\/media?parent=3461"}],"wp:term":[{"taxonomy":"category","embeddable":true,"href":"https:\/\/www.asta.uni-siegen.de\/index.php\/wp-json\/wp\/v2\/categories?post=3461"},{"taxonomy":"post_tag","embeddable":true,"href":"https:\/\/www.asta.uni-siegen.de\/index.php\/wp-json\/wp\/v2\/tags?post=3461"}],"curies":[{"name":"wp","href":"https:\/\/api.w.org\/{rel}","templated":true}]}}